{"id":8156,"date":"2013-08-21T23:03:41","date_gmt":"2013-08-21T21:03:41","guid":{"rendered":"http:\/\/www.skoda-portal.de\/?p=8156"},"modified":"2015-01-06T20:19:58","modified_gmt":"2015-01-06T18:19:58","slug":"octavia-iii-jetzt-mit-neuen-assistenten","status":"publish","type":"post","link":"https:\/\/www.skoda-portal.de\/index.php\/2013\/08\/octavia-iii-jetzt-mit-neuen-assistenten\/","title":{"rendered":"Octavia III mit neuen Assistenten"},"content":{"rendered":"<p>Der lang erwartete <strong>adaptive Abstandsassistent<\/strong> ist ab sofort f\u00fcr den Octavia III verf\u00fcgbar. Das System regelt automatisch die Distanz und Geschwindigkeit zum vorausfahrenden Fahrzeug.\u00a0Die VW&#8217;ler kennen den Assistenten unter dem Namen ACC.<\/p>\n<p>Der adaptive Abstandsassistent arbeitet mit einem <strong>Frontradarassistent<\/strong> und der <strong>City-Notbremsfunktion<\/strong> zusammen. Sobald der Frontradarassistent einen drohenden Aufprall registriert, greift das System ein. Zuerst bekommt der Fahrer ein akustisches oder optisches Signal. Regiert er nicht, verlangsamt sich der Skoda bis zur Vollbremsung.<\/p>\n<p><img loading=\"lazy\" decoding=\"async\" class=\"aligncenter size-full wp-image-8158\" alt=\"Skoda ACC\" src=\"http:\/\/www.skoda-portal.de\/wp-content\/uploads\/2013\/08\/Skoda-ACC.jpg\" width=\"323\" height=\"214\" \/><\/p>\n<p>Der Abstandsassistent bietet jede Menge Komfort, der ben\u00f6tigte Frontradarassistent eine riesige Portion Sicherheit. Das komplette System gibt es f\u00fcr 610,- Euro f\u00fcr den Octavia Ambition, Elegance und RS. Wer auf den Abstandstempomaten verzichten will, der kann den Frontradarassistenten f\u00fcr 270,- Euro einzeln bekommen.<\/p>\n<p>&#8212;<\/p>\n<p>Skoda Octavia: Kraftstoffverbrauch in l\/100 km, innerorts: 8,4-4,6, au\u00dferorts: 5,7-3,3, kombiniert: 6,7-3,8. CO2-Emission, kombiniert: 156,0-99,0 g\/km (gem\u00e4\u00df VO (EG) Nr.715\/2007).<\/p>\n","protected":false},"excerpt":{"rendered":"<p>Der lang erwartete adaptive Abstandsassistent ist ab sofort f\u00fcr den Octavia III verf\u00fcgbar. Das System regelt automatisch die Distanz und Geschwindigkeit zum vorausfahrenden Fahrzeug.\u00a0Die VW&#8217;ler kennen den Assistenten unter dem Namen ACC. Der adaptive Abstandsassistent arbeitet mit einem Frontradarassistent und der City-Notbremsfunktion zusammen. Sobald der Frontradarassistent einen drohenden Aufprall registriert, greift das System ein. Zuerst [&hellip;]<\/p>\n","protected":false},"author":12,"featured_media":8159,"comment_status":"open","ping_status":"open","sticky":false,"template":"","format":"standard","meta":{"_jetpack_newsletter_access":"","_jetpack_dont_email_post_to_subs":false,"_jetpack_newsletter_tier_id":0,"_jetpack_memberships_contains_paywalled_content":false,"_jetpack_memberships_contains_paid_content":false,"activitypub_content_warning":"","activitypub_content_visibility":"","footnotes":"","jetpack_publicize_message":"Octavia III jetzt mit neuen Assistenten http:\/\/wp.me\/p2KK8u-27y #Skoda #ACC","jetpack_publicize_feature_enabled":true,"jetpack_social_post_already_shared":true,"jetpack_social_options":{"image_generator_settings":{"template":"highway","default_image_id":0,"font":"","enabled":false},"version":2},"jetpack_post_was_ever_published":false},"categories":[57,9],"tags":[],"class_list":["post-8156","post","type-post","status-publish","format-standard","has-post-thumbnail","hentry","category-news","category-octavia"],"jetpack_publicize_connections":[],"jetpack_featured_media_url":"https:\/\/www.skoda-portal.de\/wp-content\/uploads\/2013\/08\/OcCRS_022.jpg","jetpack_shortlink":"https:\/\/wp.me\/p2KK8u-27y","jetpack-related-posts":[{"id":13537,"url":"https:\/\/www.skoda-portal.de\/index.php\/2016\/05\/fabia-modelljahr-2017\/","url_meta":{"origin":8156,"position":0},"title":"Fabia Modelljahr 2017","author":"Sebastian Koch","date":"5. Mai 2016","format":false,"excerpt":"Das neue Modelljahr\u00a0wertet den Fabia und Fabia Combi mit folgenden Optionen\u00a0auf: R\u00fcckfahrkamera Erstmals k\u00f6nnt ihr den Fabia mit einer\u00a0R\u00fcckfahrkamera inklusive Waschd\u00fcse\u00a0bekommen. Eine Minikamera in der Heckklappe filmt den Bereich hinter dem Fahrzeug. Mit Einlegen des R\u00fcckw\u00e4rtsgangs zeigt das Display des Infotainmentsystems deren Bilder an. Zus\u00e4tzlich werden statische Fahrspuren \u2013 sogenannte\u2026","rel":"","context":"In &quot;Fabia&quot;","block_context":{"text":"Fabia","link":"https:\/\/www.skoda-portal.de\/index.php\/category\/fabia\/"},"img":{"alt_text":"","src":"https:\/\/i0.wp.com\/www.skoda-portal.de\/wp-content\/uploads\/2016\/05\/FaC_design_001.jpg?resize=350%2C200&ssl=1","width":350,"height":200,"srcset":"https:\/\/i0.wp.com\/www.skoda-portal.de\/wp-content\/uploads\/2016\/05\/FaC_design_001.jpg?resize=350%2C200&ssl=1 1x, https:\/\/i0.wp.com\/www.skoda-portal.de\/wp-content\/uploads\/2016\/05\/FaC_design_001.jpg?resize=525%2C300&ssl=1 1.5x, https:\/\/i0.wp.com\/www.skoda-portal.de\/wp-content\/uploads\/2016\/05\/FaC_design_001.jpg?resize=700%2C400&ssl=1 2x, https:\/\/i0.wp.com\/www.skoda-portal.de\/wp-content\/uploads\/2016\/05\/FaC_design_001.jpg?resize=1050%2C600&ssl=1 3x"},"classes":[]},{"id":10680,"url":"https:\/\/www.skoda-portal.de\/index.php\/2015\/01\/als-mich-der-frontradarassistent-vor-einem-unfall-verschonte\/","url_meta":{"origin":8156,"position":1},"title":"Der unfreiwilige Frontradarassistent-Test","author":"Sebastian Koch","date":"7. Januar 2015","format":false,"excerpt":"Ich fahre seit einigen Kilometer auf einer Hauptstra\u00dfe in der n\u00e4he von Siegen. Vor mir f\u00e4hrt ein silberner Golf 4 und alles ist gut. Bis auf den\u00a0aktuellen Song im Radio - den finde ich so Mittelgeil und scrolle deshalb durch das Radioprogramm im Columbus. Im Augenwinkel sehe ich gerade noch,\u2026","rel":"","context":"In &quot;Fabia&quot;","block_context":{"text":"Fabia","link":"https:\/\/www.skoda-portal.de\/index.php\/category\/fabia\/"},"img":{"alt_text":"","src":"https:\/\/i0.wp.com\/img.youtube.com\/vi\/mxjoVTjr7rE\/0.jpg?resize=350%2C200","width":350,"height":200},"classes":[]},{"id":17341,"url":"https:\/\/www.skoda-portal.de\/index.php\/2023\/07\/von-base-bis-ultimate-das-sind-die-ausstattungshighlights-des-octavia-im-vergleich\/","url_meta":{"origin":8156,"position":2},"title":"Von Base bis Ultimate: Das sind die Ausstattungshighlights des Octavia im Vergleich","author":"Sebastian Koch","date":"8. Juli 2023","format":false,"excerpt":"Aktuell kannst du beim Octavia aus sechs Ausstattungsvarianten w\u00e4hlen. Diese sind vorkonfiguriert und k\u00f6nnen nicht weiter ver\u00e4ndert werden - bis auf die Farbe und Felgen. Dazu kommt , dass die Ausstattungsvarianten in dieser Art bei keinem anderen Skoda zu finden sind. Das macht die Zusammenstellung des eigenen Octavia zur Zeit\u2026","rel":"","context":"In &quot;News&quot;","block_context":{"text":"News","link":"https:\/\/www.skoda-portal.de\/index.php\/category\/news\/"},"img":{"alt_text":"","src":"https:\/\/i0.wp.com\/www.skoda-portal.de\/wp-content\/uploads\/2023\/07\/img_6706-scaled.jpg?resize=350%2C200&ssl=1","width":350,"height":200,"srcset":"https:\/\/i0.wp.com\/www.skoda-portal.de\/wp-content\/uploads\/2023\/07\/img_6706-scaled.jpg?resize=350%2C200&ssl=1 1x, https:\/\/i0.wp.com\/www.skoda-portal.de\/wp-content\/uploads\/2023\/07\/img_6706-scaled.jpg?resize=525%2C300&ssl=1 1.5x, https:\/\/i0.wp.com\/www.skoda-portal.de\/wp-content\/uploads\/2023\/07\/img_6706-scaled.jpg?resize=700%2C400&ssl=1 2x, https:\/\/i0.wp.com\/www.skoda-portal.de\/wp-content\/uploads\/2023\/07\/img_6706-scaled.jpg?resize=1050%2C600&ssl=1 3x, https:\/\/i0.wp.com\/www.skoda-portal.de\/wp-content\/uploads\/2023\/07\/img_6706-scaled.jpg?resize=1400%2C800&ssl=1 4x"},"classes":[]},{"id":11708,"url":"https:\/\/www.skoda-portal.de\/index.php\/2015\/06\/fuenf-sterne-fuer-die-superb-sicherheit\/","url_meta":{"origin":8156,"position":3},"title":"F\u00fcnf Sterne f\u00fcr die Superb Sicherheit","author":"Sebastian Koch","date":"24. Juni 2015","format":false,"excerpt":"Der neue Superb erzielt die Bestwertung von f\u00fcnf Sternen im Euro NCAP Crashtest. In allen vier Kategorien (Insassenschutz f\u00fcr Erwachsene und Kinder, Fu\u00dfg\u00e4ngerschutz, unterst\u00fctzende Sicherheitssysteme) erhielt der neue Superb jetzt die Bestwertung. Ein Grund daf\u00fcr sind die Assistenzsysteme. In Deutschland sind\u00a0diese Sicherheitsfeatures Serie: Frontradarassistent mit City-Notbremsfunktion Elektronische Reifendruckkontrolle XDS+, eine\u2026","rel":"","context":"In &quot;News&quot;","block_context":{"text":"News","link":"https:\/\/www.skoda-portal.de\/index.php\/category\/news\/"},"img":{"alt_text":"","src":"https:\/\/i0.wp.com\/www.skoda-portal.de\/wp-content\/uploads\/2015\/06\/Superb-Header.jpg?resize=350%2C200&ssl=1","width":350,"height":200,"srcset":"https:\/\/i0.wp.com\/www.skoda-portal.de\/wp-content\/uploads\/2015\/06\/Superb-Header.jpg?resize=350%2C200&ssl=1 1x, https:\/\/i0.wp.com\/www.skoda-portal.de\/wp-content\/uploads\/2015\/06\/Superb-Header.jpg?resize=525%2C300&ssl=1 1.5x, https:\/\/i0.wp.com\/www.skoda-portal.de\/wp-content\/uploads\/2015\/06\/Superb-Header.jpg?resize=700%2C400&ssl=1 2x"},"classes":[]},{"id":16745,"url":"https:\/\/www.skoda-portal.de\/index.php\/2020\/09\/enyaq-eine-uebersicht-ueber-preise-und-ausstattungen\/","url_meta":{"origin":8156,"position":4},"title":"ENYAQ  &#8211; Eine \u00dcbersicht \u00fcber Preise und Ausstattungen","author":"Sebastian Koch","date":"21. September 2020","format":false,"excerpt":"Mit dem ENYAQ iV geht Skoda einen neuen Weg bei der Ausstattungsauswahl. Die bekannten Varianten Active, Ambition und Style werden durch \"Wohnwelten\" ersetzt - sogenannten Design Selections. Zus\u00e4tzlich ist die Serienausstattung an die Motorisierung gekn\u00fcpft. Mehr Leistung bedeutet beim ENYAQ auch mehr Ausstattung. Neben der passenden Wohnwelt k\u00f6nnt ihr aus\u2026","rel":"","context":"In &quot;Enyaq&quot;","block_context":{"text":"Enyaq","link":"https:\/\/www.skoda-portal.de\/index.php\/category\/enyaq\/"},"img":{"alt_text":"","src":"https:\/\/i0.wp.com\/www.skoda-portal.de\/wp-content\/uploads\/2020\/09\/ENYAQ-iV-Design.jpg?resize=350%2C200&ssl=1","width":350,"height":200,"srcset":"https:\/\/i0.wp.com\/www.skoda-portal.de\/wp-content\/uploads\/2020\/09\/ENYAQ-iV-Design.jpg?resize=350%2C200&ssl=1 1x, https:\/\/i0.wp.com\/www.skoda-portal.de\/wp-content\/uploads\/2020\/09\/ENYAQ-iV-Design.jpg?resize=525%2C300&ssl=1 1.5x, https:\/\/i0.wp.com\/www.skoda-portal.de\/wp-content\/uploads\/2020\/09\/ENYAQ-iV-Design.jpg?resize=700%2C400&ssl=1 2x, https:\/\/i0.wp.com\/www.skoda-portal.de\/wp-content\/uploads\/2020\/09\/ENYAQ-iV-Design.jpg?resize=1050%2C600&ssl=1 3x, https:\/\/i0.wp.com\/www.skoda-portal.de\/wp-content\/uploads\/2020\/09\/ENYAQ-iV-Design.jpg?resize=1400%2C800&ssl=1 4x"},"classes":[]},{"id":14203,"url":"https:\/\/www.skoda-portal.de\/index.php\/2016\/11\/die-kodiaq-ausstattungslinien-active-ambition-und-style-im-detail\/","url_meta":{"origin":8156,"position":5},"title":"Die Kodiaq Ausstattungslinien Active, Ambition und Style im Detail","author":"Sebastian Koch","date":"14. November 2016","format":false,"excerpt":"Der neue Skoda Kodiaq ist ab sofort in drei Austtattungsvarianten Active, Ambition und Style bestellbar. Dieser Artikel verschafft euch eine gute\u00a0\u00dcbersicht \u00fcber die drei Ausstattungslinien. Active Bereits in der Einstiegsversion Active verf\u00fcgt der Kodiaq\u00a0\u00fcber eine ordentliche\u00a0Serienausstattung: Sieben Airbags Multikollisionsbremse Berganfahrassistent Frontradarassistent inklusive City-Notbremsfunktion mit Personenerkennung LED-R\u00fcckleuchten Elektronische Querdifferenzialsperre XDS+ Schalt-\u2026","rel":"","context":"In &quot;Kodiaq&quot;","block_context":{"text":"Kodiaq","link":"https:\/\/www.skoda-portal.de\/index.php\/category\/kodiaq\/"},"img":{"alt_text":"","src":"https:\/\/i0.wp.com\/www.skoda-portal.de\/wp-content\/uploads\/2016\/10\/Skoda-Kodiaq-Moon-Wei%C3%9F-.jpg?resize=350%2C200&ssl=1","width":350,"height":200,"srcset":"https:\/\/i0.wp.com\/www.skoda-portal.de\/wp-content\/uploads\/2016\/10\/Skoda-Kodiaq-Moon-Wei%C3%9F-.jpg?resize=350%2C200&ssl=1 1x, https:\/\/i0.wp.com\/www.skoda-portal.de\/wp-content\/uploads\/2016\/10\/Skoda-Kodiaq-Moon-Wei%C3%9F-.jpg?resize=525%2C300&ssl=1 1.5x, https:\/\/i0.wp.com\/www.skoda-portal.de\/wp-content\/uploads\/2016\/10\/Skoda-Kodiaq-Moon-Wei%C3%9F-.jpg?resize=700%2C400&ssl=1 2x, https:\/\/i0.wp.com\/www.skoda-portal.de\/wp-content\/uploads\/2016\/10\/Skoda-Kodiaq-Moon-Wei%C3%9F-.jpg?resize=1050%2C600&ssl=1 3x"},"classes":[]}],"jetpack_sharing_enabled":true,"_links":{"self":[{"href":"https:\/\/www.skoda-portal.de\/index.php\/wp-json\/wp\/v2\/posts\/8156","targetHints":{"allow":["GET"]}}],"collection":[{"href":"https:\/\/www.skoda-portal.de\/index.php\/wp-json\/wp\/v2\/posts"}],"about":[{"href":"https:\/\/www.skoda-portal.de\/index.php\/wp-json\/wp\/v2\/types\/post"}],"author":[{"embeddable":true,"href":"https:\/\/www.skoda-portal.de\/index.php\/wp-json\/wp\/v2\/users\/12"}],"replies":[{"embeddable":true,"href":"https:\/\/www.skoda-portal.de\/index.php\/wp-json\/wp\/v2\/comments?post=8156"}],"version-history":[{"count":0,"href":"https:\/\/www.skoda-portal.de\/index.php\/wp-json\/wp\/v2\/posts\/8156\/revisions"}],"wp:featuredmedia":[{"embeddable":true,"href":"https:\/\/www.skoda-portal.de\/index.php\/wp-json\/wp\/v2\/media\/8159"}],"wp:attachment":[{"href":"https:\/\/www.skoda-portal.de\/index.php\/wp-json\/wp\/v2\/media?parent=8156"}],"wp:term":[{"taxonomy":"category","embeddable":true,"href":"https:\/\/www.skoda-portal.de\/index.php\/wp-json\/wp\/v2\/categories?post=8156"},{"taxonomy":"post_tag","embeddable":true,"href":"https:\/\/www.skoda-portal.de\/index.php\/wp-json\/wp\/v2\/tags?post=8156"}],"curies":[{"name":"wp","href":"https:\/\/api.w.org\/{rel}","templated":true}]}}